{"id":1087,"date":"2012-03-16T19:46:29","date_gmt":"2012-03-16T18:46:29","guid":{"rendered":"http:\/\/spvgg-goldkronach.com\/1946\/?p=1087"},"modified":"2012-03-17T01:36:53","modified_gmt":"2012-03-17T00:36:53","slug":"verspateter-auftakt-gronicher-starten-in-kasendorf","status":"publish","type":"post","link":"https:\/\/spvgg-goldkronach.com\/1946\/2012\/03\/verspateter-auftakt-gronicher-starten-in-kasendorf\/","title":{"rendered":"Versp\u00e4teter Auftakt: Gronicher starten in Kasendorf"},"content":{"rendered":"<div id=\"attachment_716\" style=\"width: 480px\" class=\"wp-caption alignleft\"><img loading=\"lazy\" decoding=\"async\" aria-describedby=\"caption-attachment-716\" class=\"size-full wp-image-716 \" title=\"Jubel \u00fcber das Tor zum 5:3 gegen Kasendorf\" src=\"https:\/\/spvgg-goldkronach.com\/1946\/wp-content\/uploads\/2011\/10\/2011-10-05_torjubel-kasendorf.jpg\" alt=\"Jubel \u00fcber das Tor zum 5:3 gegen Kasendorf\" width=\"470\" height=\"210\" srcset=\"https:\/\/spvgg-goldkronach.com\/1946\/wp-content\/uploads\/2011\/10\/2011-10-05_torjubel-kasendorf.jpg 470w, https:\/\/spvgg-goldkronach.com\/1946\/wp-content\/uploads\/2011\/10\/2011-10-05_torjubel-kasendorf-300x134.jpg 300w\" sizes=\"auto, (max-width: 470px) 100vw, 470px\" \/><p id=\"caption-attachment-716\" class=\"wp-caption-text\">Blechschmidt, Arndt und Katholing jubeln \u00fcber den Treffer zum 5:3 im Hinspiel gegen Kasendorf.<\/p><\/div>\n<p>Nach der Absage des Heimspiels gegen Kirchleus am vergangenen Sonntag startet die Spielvereinigung nun gleich im Ausw\u00e4rts-Doppelpack in die Saison. W\u00e4hrend die Reserve am Sonntag, 18. M\u00e4rz, um 13 Uhr beim 1. FC Marktleugast antritt, wird es f\u00fcr die Erste um 15 Uhr beim SSV Kasendorf II erstmals im Kalenderjahr 2012 ernst. Beim Tabellenzehnten, der derzeit f\u00fcnf Z\u00e4hler und ein Spiel weniger als die SpVgg auf dem Konto hat, bestreiten die Gronicher ihr erstes Kreisklassenspiel in diesem Fr\u00fchjahr. Im Hinspiel schlug die Spielvereinigung den SSV in einer turbulenten Partie mit 5:4.<\/p>\n","protected":false},"excerpt":{"rendered":"<p>Nach der Absage des Heimspiels gegen Kirchleus am vergangenen Sonntag startet die Spielvereinigung nun gleich im Ausw\u00e4rts-Doppelpack in die Saison. W\u00e4hrend die Reserve am Sonntag, 18. M\u00e4rz, um 13 Uhr beim 1. FC Marktleugast antritt, wird es f\u00fcr die Erste um 15 Uhr beim SSV Kasendorf II erstmals im Kalenderjahr 2012 ernst. Beim Tabellenzehnten, der [&hellip;]<\/p>\n","protected":false},"author":1,"featured_media":716,"comment_status":"open","ping_status":"closed","sticky":false,"template":"","format":"standard","meta":{"footnotes":""},"categories":[5,6],"tags":[45,21,145,20,146],"class_list":["post-1087","post","type-post","status-publish","format-standard","has-post-thumbnail","hentry","category-1-mannschaft","category-2-mannschaft","tag-auswarts","tag-b-klasse","tag-kasendorf","tag-kreisklasse","tag-marktleugast"],"_links":{"self":[{"href":"https:\/\/spvgg-goldkronach.com\/1946\/wp-json\/wp\/v2\/posts\/1087","targetHints":{"allow":["GET"]}}],"collection":[{"href":"https:\/\/spvgg-goldkronach.com\/1946\/wp-json\/wp\/v2\/posts"}],"about":[{"href":"https:\/\/spvgg-goldkronach.com\/1946\/wp-json\/wp\/v2\/types\/post"}],"author":[{"embeddable":true,"href":"https:\/\/spvgg-goldkronach.com\/1946\/wp-json\/wp\/v2\/users\/1"}],"replies":[{"embeddable":true,"href":"https:\/\/spvgg-goldkronach.com\/1946\/wp-json\/wp\/v2\/comments?post=1087"}],"version-history":[{"count":2,"href":"https:\/\/spvgg-goldkronach.com\/1946\/wp-json\/wp\/v2\/posts\/1087\/revisions"}],"predecessor-version":[{"id":1089,"href":"https:\/\/spvgg-goldkronach.com\/1946\/wp-json\/wp\/v2\/posts\/1087\/revisions\/1089"}],"wp:featuredmedia":[{"embeddable":true,"href":"https:\/\/spvgg-goldkronach.com\/1946\/wp-json\/wp\/v2\/media\/716"}],"wp:attachment":[{"href":"https:\/\/spvgg-goldkronach.com\/1946\/wp-json\/wp\/v2\/media?parent=1087"}],"wp:term":[{"taxonomy":"category","embeddable":true,"href":"https:\/\/spvgg-goldkronach.com\/1946\/wp-json\/wp\/v2\/categories?post=1087"},{"taxonomy":"post_tag","embeddable":true,"href":"https:\/\/spvgg-goldkronach.com\/1946\/wp-json\/wp\/v2\/tags?post=1087"}],"curies":[{"name":"wp","href":"https:\/\/api.w.org\/{rel}","templated":true}]}}