{"id":1058,"date":"2012-03-09T12:00:04","date_gmt":"2012-03-09T11:00:04","guid":{"rendered":"http:\/\/spvgg-goldkronach.com\/1946\/?p=1058"},"modified":"2012-03-10T12:58:33","modified_gmt":"2012-03-10T11:58:33","slug":"es-geht-wieder-los-gronich-startet-zu-hause-in-die-punkterunde","status":"publish","type":"post","link":"https:\/\/spvgg-goldkronach.com\/1946\/2012\/03\/es-geht-wieder-los-gronich-startet-zu-hause-in-die-punkterunde\/","title":{"rendered":"Neuzug\u00e4nge dabei, Max Rabenstein fehlt: So spielt Gronich zum Auftakt"},"content":{"rendered":"<div class=\"mceTemp\" style=\"text-align: center;\">\n<dl id=\"attachment_1040\" class=\"wp-caption alignleft\" style=\"width: 310px;\">\n<dt class=\"wp-caption-dt\"><img loading=\"lazy\" decoding=\"async\" class=\"size-medium wp-image-1040\" title=\"Mini-Spielpl\u00e4ne 2011\/12\" src=\"https:\/\/spvgg-goldkronach.com\/1946\/wp-content\/uploads\/2012\/03\/minispielplaene_web-300x180.jpg\" alt=\"Mini-Spielpl\u00e4ne 2011\/12\" width=\"300\" height=\"180\" srcset=\"https:\/\/spvgg-goldkronach.com\/1946\/wp-content\/uploads\/2012\/03\/minispielplaene_web-300x180.jpg 300w, https:\/\/spvgg-goldkronach.com\/1946\/wp-content\/uploads\/2012\/03\/minispielplaene_web.jpg 800w\" sizes=\"auto, (max-width: 300px) 100vw, 300px\" \/><\/dt>\n<dd class=\"wp-caption-dd\">Ab sofort verf\u00fcgbar: Die Mini-Spielpl\u00e4ne f\u00fcr den Fu\u00dfballfr\u00fchling<\/dd>\n<\/dl>\n<\/div>\n<p>Mit einem Heimspiel startet die Spielvereinigung am Sonntag, 11. M\u00e4rz, in die Fr\u00fchjahrsrunde der Kreisklasse. Zum vierten R\u00fcckrundenspieltag gastiert der 1. FC Kirchleus an der Kronach, der bekannterma\u00dfen \u00fcber eine gef\u00e4hrliche Offensive verf\u00fcgt, in den letzten Spielen vor der Winterpause aber etwas stolperte und sogar gegen den Abstiegskandidaten aus Marktschorgast mit 2:3 verlor. Nachdem das eigentlich f\u00fcr den vergangenen Sonntag angesetzte Spiel gegen den TSV Melkendorf ausfiel, ist die Partie in Goldkronach auch f\u00fcr die G\u00e4ste der erste Punktspielauftritt im Jahr 2012.<\/p>\n<p>Die SpVgg, die m\u00f6glichst schnell den Klassenverbleib sicherstellen m\u00f6chte, ben\u00f6tigt dazu nach den Erfahrungswerten der vergangenen Saison etwa 35 Punkte \u2013 also noch drei Siege, die bevorzugt zu Hause eingefahren werden sollen. Und was b\u00f6te sich da eher an, als die 1:6-Pleite des Hinspiels zum Anlass zu nehmen, sich beim Tabellennachbarn zu revanchieren?<\/p>\n<p>Also: Seid dabei und unterst\u00fctzt unsere junge Elf beim ersten Heimspiel im neuen Jahr! Los geht&#8217;s um 15 Uhr, die Reserven treffen in der B-Klasse ab 13 Uhr aufeinander. Au\u00dferdem gibt&#8217;s im Sportheim die neuen Mini-Spielpl\u00e4ne mit allen Terminen des Fu\u00dfballfr\u00fchlings \u2013 passt in jeden Geldbeutel!<\/p>\n<p><strong>So spielen die Gronicher:<\/strong><\/p>\n<p><strong>1. Mannschaft:<\/strong> P\u00f6hlmann (Ruppel) &#8211; Schulte im Busch, Schullerus, Mertins, Krause, H. Rabenstein, G\u00f6hring, Arndt, Heumann, Katholing, Blechschmidt, F. Rabenstein, Scharnagel, Malinov.<\/p>\n<p><strong>2. Mannschaft:<\/strong> Ruppel &#8211; O. Zapf, A. Zapf, H\u00f6rath, Gressmann, W. Neuner, C. Neuner, Pietsch, Ehl, Szech, Kick, N\u00fcssel, Hautsch, Malinov.<\/p>\n","protected":false},"excerpt":{"rendered":"<p>Ab sofort verf\u00fcgbar: Die Mini-Spielpl\u00e4ne f\u00fcr den Fu\u00dfballfr\u00fchling Mit einem Heimspiel startet die Spielvereinigung am Sonntag, 11. M\u00e4rz, in die Fr\u00fchjahrsrunde der Kreisklasse. Zum vierten R\u00fcckrundenspieltag gastiert der 1. FC Kirchleus an der Kronach, der bekannterma\u00dfen \u00fcber eine gef\u00e4hrliche Offensive verf\u00fcgt, in den letzten Spielen vor der Winterpause aber etwas stolperte und sogar gegen den [&hellip;]<\/p>\n","protected":false},"author":1,"featured_media":1044,"comment_status":"open","ping_status":"closed","sticky":false,"template":"","format":"standard","meta":{"footnotes":""},"categories":[5,11,6],"tags":[141,21,24,144,20,222],"class_list":["post-1058","post","type-post","status-publish","format-standard","has-post-thumbnail","hentry","category-1-mannschaft","category-fussball","category-2-mannschaft","tag-auftakt","tag-b-klasse","tag-heimspiel","tag-kirchleus","tag-kreisklasse","tag-mini-spielplane"],"_links":{"self":[{"href":"https:\/\/spvgg-goldkronach.com\/1946\/wp-json\/wp\/v2\/posts\/1058","targetHints":{"allow":["GET"]}}],"collection":[{"href":"https:\/\/spvgg-goldkronach.com\/1946\/wp-json\/wp\/v2\/posts"}],"about":[{"href":"https:\/\/spvgg-goldkronach.com\/1946\/wp-json\/wp\/v2\/types\/post"}],"author":[{"embeddable":true,"href":"https:\/\/spvgg-goldkronach.com\/1946\/wp-json\/wp\/v2\/users\/1"}],"replies":[{"embeddable":true,"href":"https:\/\/spvgg-goldkronach.com\/1946\/wp-json\/wp\/v2\/comments?post=1058"}],"version-history":[{"count":8,"href":"https:\/\/spvgg-goldkronach.com\/1946\/wp-json\/wp\/v2\/posts\/1058\/revisions"}],"predecessor-version":[{"id":1073,"href":"https:\/\/spvgg-goldkronach.com\/1946\/wp-json\/wp\/v2\/posts\/1058\/revisions\/1073"}],"wp:featuredmedia":[{"embeddable":true,"href":"https:\/\/spvgg-goldkronach.com\/1946\/wp-json\/wp\/v2\/media\/1044"}],"wp:attachment":[{"href":"https:\/\/spvgg-goldkronach.com\/1946\/wp-json\/wp\/v2\/media?parent=1058"}],"wp:term":[{"taxonomy":"category","embeddable":true,"href":"https:\/\/spvgg-goldkronach.com\/1946\/wp-json\/wp\/v2\/categories?post=1058"},{"taxonomy":"post_tag","embeddable":true,"href":"https:\/\/spvgg-goldkronach.com\/1946\/wp-json\/wp\/v2\/tags?post=1058"}],"curies":[{"name":"wp","href":"https:\/\/api.w.org\/{rel}","templated":true}]}}